{"id":58071,"date":"2025-11-24T15:42:15","date_gmt":"2025-11-24T15:42:15","guid":{"rendered":"https:\/\/kenacademy.org\/?p=58071"},"modified":"2026-03-06T05:52:00","modified_gmt":"2026-03-06T05:52:00","slug":"modul-ken-talk-comunicare-vorbit-in-public","status":"publish","type":"post","link":"https:\/\/kenacademy.org\/en\/modul-ken-talk-comunicare-vorbit-in-public\/","title":{"rendered":"Modul KEN Talk &#8211; Comunicare \u0219i vorbit \u00een public"},"content":{"rendered":"<div class=\"vc_row wpb_row vc_row-fluid\"><div class=\"wpb_column vc_column_container vc_col-sm-12\"><div class=\"vc_column-inner\"><div class=\"wpb_wrapper\"><h2 style=\"font-size: 18px;color: #26d0b5;text-align: center\" class=\"vc_custom_heading\" ><\/h2>\n\t<div class=\"wpb_text_column wpb_content_element  vc_custom_1772776216836\" >\n\t\t<div class=\"wpb_wrapper\">\n\t\t\t<p><span style=\"color: #ff6600;\"><strong>Ce este KEN Talk?<\/strong><\/span><\/p>\n<p><span style=\"color: #000000;\">KEN Talk este modulul \u00een care copiii \u00eenva\u021b\u0103 s\u0103 \u00ee\u0219i exprime ideile cu claritate \u0219i \u00eencredere. Prin exerci\u021bii practice, jocuri de dic\u021bie, discu\u021bii ghidate \u0219i tehnici simple de gestionare a emo\u021biilor, ei descoper\u0103 cum se construie\u0219te un discurs \u0219i cum pot vorbi \u00een fa\u021ba altora \u00eentr-un mod natural \u0219i autentic.<\/span><\/p>\n<p><span style=\"color: #000000;\">Modulul include \u0219i o\u00a0<strong>vizit\u0103 de weekend la Velocita, <\/strong>unde copiii observ\u0103 comunicarea \u201e\u00een teren\u201d: prezent\u0103ri de produse, interac\u021biuni cu clien\u021bii \u0219i storytelling. Programul este completat de o sesiune cu\u00a0<strong>invitat special<\/strong>\u00a0\u0219i de\u00a0<strong>jurizarea final\u0103<\/strong>, \u00een care copiii \u00ee\u0219i prezint\u0103 discursurile sau pitch-urile \u00een fa\u021ba unui juriu prietenos.<\/span><\/p>\n<p><span style=\"color: #000000;\">Obiectivul este simplu: s\u0103 \u00eei ajut\u0103m pe copii s\u0103 \u00ee\u0219i dezvolte prezen\u021ba, vocea \u0219i \u00eencrederea \u2013 abilit\u0103\u021bi esen\u021biale pentru \u0219coal\u0103 \u0219i pentru viitor.<\/span><\/p>\n<p><span style=\"color: #ff6600;\"><strong>Ce \u00eenva\u021b\u0103 copiii \u00een cele 6 sesiuni?<\/strong><\/span><\/p>\n<p><span style=\"color: #000000;\">\u00cen acest modul, copiii construiesc pas cu pas un set solid de abilit\u0103\u021bi de comunicare, prin activit\u0103\u021bi interactive \u0219i exemple aplicate.<\/span><\/p>\n<ul>\n<li><b>Tipuri de comunicare<\/b><span style=\"font-weight: 400;\">\u2013 verbal\u0103, non-verbal\u0103 \u0219i paraverbal\u0103; cum func\u021bioneaz\u0103 \u00eempreun\u0103.<\/span><\/li>\n<li><b>Structura unui discurs<\/b>\u2013 introducere, captare a aten\u021biei, con\u021binut, \u00eencheiere.<\/li>\n<li><b>Con\u021binutul discursului<\/b>\u2013 idei clare, argumente, exemple \u0219i coeren\u021b\u0103.<\/li>\n<li><b>Managementul emo\u021biilor <\/b>&#8211; tehnici prin care ne domolim emo\u021biile pentru a avea o bun\u0103 prezentare.<\/li>\n<li><b>Dic\u021bie &amp; expresivitate<\/b>\u2013 exerci\u021bii pentru voce, ritm, respira\u021bie \u0219i pronun\u021bie.<\/li>\n<li><b>Vizit\u0103 la Velocita (weekend)<\/b>\u2013 observarea comunic\u0103rii \u0219i prezent\u0103rii reale \u00een context antreprenorial.<\/li>\n<\/ul>\n<p><span style=\"color: #ff6600;\"><strong>De ce s\u0103-\u021bi \u00eenscrii copilul la acest modul?<\/strong><\/span><\/p>\n<ul>\n<li><span style=\"color: #000000;\">Copilul cap\u0103t\u0103 \u00eencredere s\u0103 vorbeasc\u0103 \u00een fa\u021ba celorlal\u021bi.<\/span><\/li>\n<li><span style=\"color: #000000;\">\u00ce\u0219i dezvolt\u0103 abilit\u0103\u021bi esen\u021biale de comunicare \u0219i structurare a mesajului.<\/span><\/li>\n<li><span style=\"color: #000000;\">Exerseaz\u0103 prezen\u021ba, dic\u021bia \u0219i controlul emo\u021biilor.<\/span><\/li>\n<li><span style=\"color: #000000;\">Observ\u0103 comunicarea real\u0103, direct \u00een teren.<\/span><\/li>\n<li><span style=\"color: #000000;\">Lucreaz\u0103 la un discurs sau pitch propriu, pe care \u00eel prezint\u0103 \u00een fa\u021ba unui juriu.<\/span><\/li>\n<li><span style=\"color: #000000;\">Dob\u00e2nde\u0219te competen\u021be valoroase pentru \u0219coal\u0103, echip\u0103 \u0219i viitor.<\/span><\/li>\n<\/ul>\n<p><span style=\"color: #000000;\"><strong>Perioad\u0103:<\/strong> <span style=\"font-weight: 400;\">05.05 &#8211; 09.06.2026<\/span><\/span><br \/>\n<span style=\"color: #000000;\"><strong>Durat\u0103: <\/strong>6\u00a0sesiuni \u00d7 90 minute<\/span><br \/>\n<span style=\"color: #000000;\"><strong>Tax\u0103:<\/strong> <span style=\"font-weight: 400;\">960 lei (platibil\u0103 integral p\u00e2n\u0103 pe 10.05.2026)<\/span><\/span><br \/>\n<span style=\"color: #000000;\"><strong>Grupe:<\/strong><\/span><br \/>\n<span style=\"color: #000000;\">\u2022 Mar\u021bi \u2013 Victoriei, 18:00\u201319:30<\/span><\/p>\n\n\t\t<\/div>\n\t<\/div>\n<\/div><\/div><\/div><\/div><div class=\"vc_row wpb_row vc_row-fluid vc_custom_1599669593894 vc_row-o-content-top vc_row-flex\"><div class=\"wpb_column vc_column_container vc_col-sm-12\"><div class=\"vc_column-inner\"><div class=\"wpb_wrapper\"><h2 style=\"font-size: 18px;color: #26d0b5;text-align: center\" class=\"vc_custom_heading\" >Enrollment in the module is conditional on signing the contract and paying the fee.<\/h2><\/div><\/div><\/div><\/div><div class=\"vc_row wpb_row vc_row-fluid vc_custom_1599670421159\"><div class=\"wpb_column vc_column_container vc_col-sm-12\"><div class=\"vc_column-inner\"><div class=\"wpb_wrapper\">\n\t<div class=\"wpb_raw_code wpb_content_element wpb_raw_html\" >\n\t\t<div class=\"wpb_wrapper\">\n\t\t\t<a id=\"formular\">\n\t\t<\/div>\n\t<\/div>\n<div class=\"thim-widget-heading template-base\"><div class=\"sc_heading  text-left\"><h2 style=\"color:#fec82a;font-size:20px;font-weight:bold;\" class=\"title\">Register your child in the form<\/h2><span style=\"background-color:#00ccb3\" class=\"line\"><\/span><\/div><\/div>\n\t<div class=\"wpb_text_column wpb_content_element\" >\n\t\t<div class=\"wpb_wrapper\">\n\t\t\t\n<div class=\"wpcf7 no-js\" id=\"wpcf7-f58067-o1\" lang=\"en-US\" dir=\"ltr\">\n<div class=\"screen-reader-response\"><p role=\"status\" aria-live=\"polite\" aria-atomic=\"true\"><\/p> <ul><\/ul><\/div>\n<form action=\"\/en\/wp-json\/wp\/v2\/posts\/58071#wpcf7-f58067-o1\" method=\"post\" class=\"wpcf7-form init\" aria-label=\"Contact form\" novalidate=\"novalidate\" data-status=\"init\" data-trp-original-action=\"\/en\/wp-json\/wp\/v2\/posts\/58071#wpcf7-f58067-o1\">\n<div style=\"display: none;\">\n<input type=\"hidden\" name=\"_wpcf7\" value=\"58067\" \/>\n<input type=\"hidden\" name=\"_wpcf7_version\" value=\"5.7.7\" \/>\n<input type=\"hidden\" name=\"_wpcf7_locale\" value=\"en_US\" \/>\n<input type=\"hidden\" name=\"_wpcf7_unit_tag\" value=\"wpcf7-f58067-o1\" \/>\n<input type=\"hidden\" name=\"_wpcf7_container_post\" value=\"0\" \/>\n<input type=\"hidden\" name=\"_wpcf7_posted_data_hash\" value=\"\" \/>\n<input type=\"hidden\" name=\"_wpcf7_recaptcha_response\" value=\"\" \/>\n<\/div>\n<p><label>Child&#039;s name and surname:<\/label><br \/>\n<span class=\"wpcf7-form-control-wrap\" data-name=\"your-name\"><input size=\"40\" class=\"wpcf7-form-control wpcf7-text wpcf7-validates-as-required\" aria-required=\"true\" aria-invalid=\"false\" value=\"\" type=\"text\" name=\"your-name\" \/><\/span>\n<\/p>\n<p><label> Child&#039;s age: <\/label><br \/>\n<span class=\"wpcf7-form-control-wrap\" data-name=\"number-931\"><input class=\"wpcf7-form-control wpcf7-number wpcf7-validates-as-number\" min=\"1\" max=\"16\" aria-invalid=\"false\" value=\"\" type=\"number\" name=\"number-931\" \/><\/span>\n<\/p>\n<p><label>Name of parent\/guardian:<\/label><br \/>\n<span class=\"wpcf7-form-control-wrap\" data-name=\"text-475\"><input size=\"40\" class=\"wpcf7-form-control wpcf7-text wpcf7-validates-as-required\" aria-required=\"true\" aria-invalid=\"false\" value=\"\" type=\"text\" name=\"text-475\" \/><\/span>\n<\/p>\n<p><label>Parent\/Guardian Phone Number:<\/label><br \/>\n<span class=\"wpcf7-form-control-wrap\" data-name=\"tel-91\"><input size=\"40\" class=\"wpcf7-form-control wpcf7-text wpcf7-tel wpcf7-validates-as-required wpcf7-validates-as-tel\" aria-required=\"true\" aria-invalid=\"false\" value=\"\" type=\"tel\" name=\"tel-91\" \/><\/span>\n<\/p>\n<p><label>Parent\/guardian email:<\/label><br \/>\n<span class=\"wpcf7-form-control-wrap\" data-name=\"email-868\"><input size=\"40\" class=\"wpcf7-form-control wpcf7-text wpcf7-email wpcf7-validates-as-required wpcf7-validates-as-email\" aria-required=\"true\" aria-invalid=\"false\" value=\"\" type=\"email\" name=\"email-868\" \/><\/span>\n<\/p>\n<p><label>Alege modulul preferat:<\/label><br \/>\n<span class=\"wpcf7-form-control-wrap\" data-name=\"checkbox-396\"><span class=\"wpcf7-form-control wpcf7-checkbox wpcf7-validates-as-required\"><span class=\"wpcf7-list-item first\"><input type=\"checkbox\" name=\"checkbox-396[]\" value=\"Modul de business: KEN Business \/ Perioada: 07.03 - 28.04.2026 (9 sesiuni)\" \/><span class=\"wpcf7-list-item-label\">Modul de business: KEN Business \/ Perioada: 07.03 - 28.04.2026 (9 sesiuni)<\/span><\/span><span class=\"wpcf7-list-item last\"><input type=\"checkbox\" name=\"checkbox-396[]\" value=\"Modul de comunicare \u0219i vorbit \u00een public: KEN Talk \/ Perioada: 05.05 - 09.06.2026 (6 sesiuni)\" \/><span class=\"wpcf7-list-item-label\">Modul de comunicare \u0219i vorbit \u00een public: KEN Talk \/ Perioada: 05.05 - 09.06.2026 (6 sesiuni)<\/span><\/span><\/span><\/span>\n<\/p>\n<p><label>Choose your preferred course interval (opt for at least 2 options):<\/label><br \/>\n<span class=\"wpcf7-form-control-wrap\" data-name=\"checkbox-396\"><span class=\"wpcf7-form-control wpcf7-checkbox wpcf7-validates-as-required\"><span class=\"wpcf7-list-item first last\"><input type=\"checkbox\" name=\"checkbox-396[]\" value=\"Mar\u021bi \u2013 Victoriei, 18:00\u201319:30\" \/><span class=\"wpcf7-list-item-label\">Mar\u021bi \u2013 Victoriei, 18:00\u201319:30<\/span><\/span><\/span><\/span>\n<\/p>\n<p>*Time intervals are indicative and may vary by \u00b1 30 minutes. On request, classes can also be organized in the morning during the week.\n<\/p>\n<p><label>Need more details? Leave us your questions below:<\/label><br \/>\n<span class=\"wpcf7-form-control-wrap\" data-name=\"textarea-572\"><textarea cols=\"40\" rows=\"10\" class=\"wpcf7-form-control wpcf7-textarea\" aria-invalid=\"false\" name=\"textarea-572\"><\/textarea><\/span>\n<\/p>\n<p>You may receive an error after completing the form. But the registration is registered and you will be contacted within 24 hours maximum. If this does not happen, please write or call us directly. Here are our details: carmeniorgulescu@kenacademy.org \/ 0723600341. We are trying to solve the problem as quickly as possible.\n<\/p>\n<p><span class=\"wpcf7-form-control-wrap\" data-name=\"acceptance-218\"><span class=\"wpcf7-form-control wpcf7-acceptance\"><span class=\"wpcf7-list-item\"><label><input type=\"checkbox\" name=\"acceptance-218\" value=\"1\" class=\"accept\" aria-invalid=\"false\" \/><span class=\"wpcf7-list-item-label\">I agree with <a href=\"\/en\/termeni-si-conditii\/\" target=\"_blank\"><strong>site terms and conditions of use<\/strong><\/a>. I declare that I am aware of the provisions <a href=\"https:\/\/www.dataprotection.ro\/?page=Regulamentul_nr_679_2016\" target=\"_blank\"><strong>EU Regulation 679\/2016<\/strong><\/a> for the protection of individuals regarding the processing of personal data and the free movement of such data.<\/span><\/label><\/span><\/span><\/span>\n<\/p>\n<p><input class=\"wpcf7-form-control has-spinner wpcf7-submit\" type=\"submit\" value=\"SEND\" \/>\n<\/p><div class=\"wpcf7-response-output\" aria-hidden=\"true\"><\/div>\n<input type=\"hidden\" name=\"trp-form-language\" value=\"en\"\/><\/form>\n<\/div>\n\n\n\t\t<\/div>\n\t<\/div>\n<\/div><\/div><\/div><\/div>","protected":false},"excerpt":{"rendered":"Ce este KEN Talk? KEN Talk este modulul \u00een care copiii \u00eenva\u021b\u0103 s\u0103 \u00ee\u0219i exprime ideile cu claritate \u0219i \u00eencredere. Prin exerci\u021bii practice, jocuri de dic\u021bie, discu\u021bii ghidate \u0219i tehnici &hellip;","protected":false},"author":1,"featured_media":58233,"comment_status":"closed","ping_status":"closed","sticky":false,"template":"","format":"standard","meta":[],"categories":[751],"tags":[946,767],"_links":{"self":[{"href":"https:\/\/kenacademy.org\/en\/wp-json\/wp\/v2\/posts\/58071"}],"collection":[{"href":"https:\/\/kenacademy.org\/en\/wp-json\/wp\/v2\/posts"}],"about":[{"href":"https:\/\/kenacademy.org\/en\/wp-json\/wp\/v2\/types\/post"}],"author":[{"embeddable":true,"href":"https:\/\/kenacademy.org\/en\/wp-json\/wp\/v2\/users\/1"}],"replies":[{"embeddable":true,"href":"https:\/\/kenacademy.org\/en\/wp-json\/wp\/v2\/comments?post=58071"}],"version-history":[{"count":0,"href":"https:\/\/kenacademy.org\/en\/wp-json\/wp\/v2\/posts\/58071\/revisions"}],"wp:featuredmedia":[{"embeddable":true,"href":"https:\/\/kenacademy.org\/en\/wp-json\/wp\/v2\/media\/58233"}],"wp:attachment":[{"href":"https:\/\/kenacademy.org\/en\/wp-json\/wp\/v2\/media?parent=58071"}],"wp:term":[{"taxonomy":"category","embeddable":true,"href":"https:\/\/kenacademy.org\/en\/wp-json\/wp\/v2\/categories?post=58071"},{"taxonomy":"post_tag","embeddable":true,"href":"https:\/\/kenacademy.org\/en\/wp-json\/wp\/v2\/tags?post=58071"}],"curies":[{"name":"wp","href":"https:\/\/api.w.org\/{rel}","templated":true}]}}