{"id":46924,"date":"2023-12-22T05:25:17","date_gmt":"2023-12-22T05:25:17","guid":{"rendered":"https:\/\/kenacademy.org\/?p=46924"},"modified":"2023-12-22T05:25:17","modified_gmt":"2023-12-22T05:25:17","slug":"de-la-alergatul-printre-activitatile-de-invatare-la-conectare-reala-cu-copiii","status":"publish","type":"post","link":"https:\/\/kenacademy.org\/en\/de-la-alergatul-printre-activitatile-de-invatare-la-conectare-reala-cu-copiii\/","title":{"rendered":"De la alergatul printre activit\u0103\u021bile de \u00eenv\u0103\u021bare, la conectare real\u0103 cu copiii"},"content":{"rendered":"<p><span style=\"font-weight: 400;\">\u00cen lumea agitat\u0103 a educa\u021biei, \u00een care planurile de lec\u021bii \u0219i cadrele curriculare sunt adesea \u00een centrul aten\u021biei, exist\u0103 o abilitate discret\u0103, dar cu un impact profund, care se afl\u0103 \u00een centrul activit\u0103\u021bii &#8211; ascultarea. Nu doar s\u0103 auzi\u021bi cuvinte, ci s\u0103 asculta\u021bi cu adev\u0103rat, cu empatie, \u0219i s\u0103 v\u0103 asigura\u021bi c\u0103 elevii cu care lucra\u021bi se simt v\u0103zu\u021bi \u0219i auzi\u021bi.\u00a0<\/span><\/p>\n<ol>\n<li><strong> Crearea de conexiuni autentice:<\/strong><\/li>\n<\/ol>\n<p><span style=\"font-weight: 400;\">Imagina\u021bi-v\u0103 o sal\u0103 de clas\u0103 \u00een care fiecare copil simte o conexiune autentic\u0103 cu profesorul sau instructorul s\u0103u. Aceast\u0103 conexiune se na\u0219te din ascultarea activ\u0103 \u0219i empatic\u0103. Atunci c\u00e2nd v\u0103 face\u021bi timp pentru a asculta cu adev\u0103rat ceea ce are de spus fiecare copil, crea\u021bi conexiuni autentice care se extind dincolo de limitele clasei.<\/span><\/p>\n<ol start=\"2\">\n<li><strong> \u00cencurajarea inteligen\u021bei emo\u021bionale:<\/strong><\/li>\n<\/ol>\n<p><span style=\"font-weight: 400;\">Ascultarea merge m\u00e2n\u0103 \u00een m\u00e2n\u0103 cu \u00een\u021belegerea emo\u021biilor. Angaj\u00e2ndu-v\u0103 \u00een mod activ \u00een ascultarea empatic\u0103, deveni\u021bi atent la nuan\u021bele emo\u021bionale ale copiilor pe care \u00eei ave\u021bi \u00een grij\u0103. Acest lucru nu numai c\u0103 le sus\u021bine bun\u0103starea emo\u021bional\u0103, dar \u00eei ajut\u0103 \u0219i s\u0103 \u00ee\u0219i dezvolte inteligen\u021ba emo\u021bional\u0103 &#8211; o abilitate care le va fi de folos pe tot parcursul vie\u021bii lor.<\/span><\/p>\n<ol start=\"3\">\n<li><strong> Cultivarea \u00eencrederii \u0219i a siguran\u021bei:<\/strong><\/li>\n<\/ol>\n<p><span style=\"font-weight: 400;\">Copiii au nevoie s\u0103 se simt\u0103 \u00een siguran\u021b\u0103 pentru a \u00eenv\u0103\u021ba \u0219i a se dezvolta. Atunci c\u00e2nd crea\u021bi un mediu \u00een care ei \u0219tiu c\u0103 g\u00e2ndurile \u0219i sentimentele lor sunt apreciate, \u00eencrederea \u00eenflore\u0219te. Faptul c\u0103 se simt v\u0103zu\u021bi \u0219i auzi\u021bi ofer\u0103 o plas\u0103 de siguran\u021b\u0103 care le permite copiilor s\u0103 \u00ee\u0219i asume riscuri, s\u0103 \u00ee\u0219i \u00eemp\u0103rt\u0103\u0219easc\u0103 ideile \u0219i s\u0103 exploreze procesul de \u00eenv\u0103\u021bare cu \u00eencredere.<\/span><\/p>\n<ol start=\"4\">\n<li><strong> Cultivarea individualit\u0103\u021bii:<\/strong><\/li>\n<\/ol>\n<p><span style=\"font-weight: 400;\">Fiecare copil este unic, iar individualitatea sa merit\u0103 s\u0103 fie celebrat\u0103. Prin ascultare activ\u0103, recunoa\u0219te\u021bi \u0219i respecta\u021bi diversele perspective \u0219i experien\u021be pe care fiecare copil le aduce la masa educa\u021bional\u0103. Acest lucru nu numai c\u0103 le valideaz\u0103 identitatea, dar \u00eencurajeaz\u0103 \u0219i un sentiment de m\u00e2ndrie fa\u021b\u0103 de cine sunt.<\/span><\/p>\n<ol start=\"5\">\n<li><strong> \u00cembun\u0103t\u0103\u021birea rezultatelor \u00eenv\u0103\u021b\u0103rii:<\/strong><\/li>\n<\/ol>\n<p><span style=\"font-weight: 400;\">Comunicarea eficient\u0103 este piatra de temelie a unei \u00eenv\u0103\u021b\u0103ri de succes. Atunci c\u00e2nd asculta\u021bi cu aten\u021bie, ob\u021bine\u021bi informa\u021bii despre stilul de \u00eenv\u0103\u021bare, punctele forte \u0219i provoc\u0103rile fiec\u0103rui copil. \u00cenarmat cu aceste cuno\u0219tin\u021be, v\u0103 pute\u021bi adapta abordarea pentru a r\u0103spunde nevoilor diverse ale elevilor, \u00eembun\u0103t\u0103\u021bind \u00een cele din urm\u0103 rezultatele generale ale \u00eenv\u0103\u021b\u0103rii.<\/span><\/p>\n<ol start=\"6\">\n<li><strong> Inspir\u00e2nd o dragoste pentru \u00eenv\u0103\u021bare pe tot parcursul vie\u021bii:<\/strong><\/li>\n<\/ol>\n<p><span style=\"font-weight: 400;\">Atunci c\u00e2nd copiii se simt v\u0103zu\u021bi \u0219i auzi\u021bi, are loc o transformare magic\u0103 &#8211; se aprinde dragostea pentru \u00eenv\u0103\u021bare. Prin crearea unui mediu \u00een care vocea lor conteaz\u0103, le insufla\u021bi un sentiment de curiozitate \u0219i entuziasm care \u00eei va \u00eenso\u021bi pe parcursul c\u0103l\u0103toriei lor educa\u021bionale \u0219i dincolo de aceasta.<\/span><\/p>\n<p><span style=\"font-weight: 400;\">Arta de a asculta \u0219i de a v\u0103 asigura c\u0103 copiii se simt v\u0103zu\u021bi nu este doar un aspect al educa\u021biei; este b\u0103t\u0103ile inimii care sus\u021bin \u00eentreaga experien\u021b\u0103 de \u00eenv\u0103\u021bare. A\u0219adar, haide\u021bi s\u0103 continu\u0103m s\u0103 ascult\u0103m cu inimile deschise, s\u0103 cultiv\u0103m conexiuni autentice \u0219i s\u0103 \u00eemputernicim urm\u0103toarea genera\u021bie prin simplul, dar profundul act de a-i asculta cu adev\u0103rat. La urma urmei, \u00een simfonia educa\u021biei, vocea fiec\u0103rui copil este o melodie care a\u0219teapt\u0103 s\u0103 fie auzit\u0103.\u00a0<\/span><\/p>\n<p><span style=\"font-weight: 400;\">Pentru a ne asigura c\u0103 un copil se simte v\u0103zut, trebuie s\u0103 punem \u00eentreb\u0103ri care dep\u0103\u0219esc interac\u021biunile de suprafa\u021b\u0103. Iat\u0103 c\u00e2teva \u00eentreb\u0103ri pe care profesorii le pot folosi pentru a aprofunda \u00een\u021belegerea \u0219i a le demonstra elevilor c\u0103 sunt recunoscute \u0219i apreciate calit\u0103\u021bile \u0219i experien\u021bele lor unice:<\/span><\/p>\n<ol>\n<li><strong> \u00centreb\u0103ri de conectare personal\u0103:<\/strong><\/li>\n<\/ol>\n<p><span style=\"font-weight: 400;\">Care sunt hobby-urile sau activit\u0103\u021bile tale preferate \u00een afara \u0219colii?<\/span><\/p>\n<p><span style=\"font-weight: 400;\">Exist\u0103 un talent sau o abilitate special\u0103 de care e\u0219ti m\u00e2ndru\/m\u00e2ndr\u0103 \u0219i pe care vrei s\u0103 o \u00eemp\u0103rt\u0103\u0219e\u0219ti?<\/span><\/p>\n<ol start=\"2\">\n<li><strong> \u00centreb\u0103ri de \u00eenv\u0103\u021bare individualizat\u0103:<\/strong><\/li>\n<\/ol>\n<p><span style=\"font-weight: 400;\">Po\u021bi s\u0103-mi vorbe\u0219ti despre un subiect sau o tem\u0103 pe care o g\u0103se\u0219ti deosebit de interesant\u0103?<\/span><\/p>\n<p><span style=\"font-weight: 400;\">Cum crezi c\u0103 \u00eenve\u021bi cel mai bine?\u00a0<\/span><\/p>\n<ol start=\"3\">\n<li><strong> Ancheta empatic\u0103:<\/strong><\/li>\n<\/ol>\n<p><span style=\"font-weight: 400;\">Exist\u0103 momente \u00een timpul zilei \u00een care te sim\u021bi cel\/cea mai energic\/\u0103 \u0219i preg\u0103tit\/\u0103 s\u0103 \u00eenve\u021bi?<\/span><\/p>\n<p><span style=\"font-weight: 400;\">Exist\u0103 ceva ce se \u00eent\u00e2mpl\u0103 \u00een via\u021ba ta \u00een acest moment \u0219i despre care a\u021bi dori s\u0103 aflu?<\/span><\/p>\n<p><span style=\"font-weight: 400;\">Nu uita\u021bi, cheia nu este doar s\u0103 pune\u021bi aceste \u00eentreb\u0103ri, ci s\u0103 asculta\u021bi \u00een mod activ r\u0103spunsurile \u0219i s\u0103 folosi\u021bi informa\u021biile pentru a v\u0103 adapta abordarea la nevoile fiec\u0103rui elev. Este vorba despre crearea unui spa\u021biu \u00een care elevii s\u0103 se simt\u0103 aprecia\u021bi ca indivizi cu pove\u0219ti \u0219i perspective unice.<\/span><\/p>\n<p><a href=\"https:\/\/kenacademy.org\/en\/our_team\/veronica-dunga\/\" target=\"_blank\" rel=\"noopener\"><strong>*Article written by Veronica Dunga, KEN Academy trainer<\/strong><\/a><\/p>","protected":false},"excerpt":{"rendered":"<p>\u00cen lumea agitat\u0103 a educa\u021biei, \u00een care planurile de lec\u021bii \u0219i cadrele curriculare sunt adesea \u00een centrul aten\u021biei, exist\u0103 o abilitate discret\u0103, dar cu un impact profund, care se afl\u0103 &hellip; <\/p>","protected":false},"author":1,"featured_media":46925,"comment_status":"closed","ping_status":"closed","sticky":false,"template":"","format":"standard","meta":[],"categories":[32],"tags":[650,709],"_links":{"self":[{"href":"https:\/\/kenacademy.org\/en\/wp-json\/wp\/v2\/posts\/46924"}],"collection":[{"href":"https:\/\/kenacademy.org\/en\/wp-json\/wp\/v2\/posts"}],"about":[{"href":"https:\/\/kenacademy.org\/en\/wp-json\/wp\/v2\/types\/post"}],"author":[{"embeddable":true,"href":"https:\/\/kenacademy.org\/en\/wp-json\/wp\/v2\/users\/1"}],"replies":[{"embeddable":true,"href":"https:\/\/kenacademy.org\/en\/wp-json\/wp\/v2\/comments?post=46924"}],"version-history":[{"count":0,"href":"https:\/\/kenacademy.org\/en\/wp-json\/wp\/v2\/posts\/46924\/revisions"}],"wp:featuredmedia":[{"embeddable":true,"href":"https:\/\/kenacademy.org\/en\/wp-json\/wp\/v2\/media\/46925"}],"wp:attachment":[{"href":"https:\/\/kenacademy.org\/en\/wp-json\/wp\/v2\/media?parent=46924"}],"wp:term":[{"taxonomy":"category","embeddable":true,"href":"https:\/\/kenacademy.org\/en\/wp-json\/wp\/v2\/categories?post=46924"},{"taxonomy":"post_tag","embeddable":true,"href":"https:\/\/kenacademy.org\/en\/wp-json\/wp\/v2\/tags?post=46924"}],"curies":[{"name":"wp","href":"https:\/\/api.w.org\/{rel}","templated":true}]}}