{"id":17663,"date":"2021-05-12T04:00:51","date_gmt":"2021-05-12T04:00:51","guid":{"rendered":"https:\/\/kenacademy.org\/?p=17663"},"modified":"2024-09-05T14:25:32","modified_gmt":"2024-09-05T14:25:32","slug":"kids-business-camp-tabara-predeal","status":"publish","type":"post","link":"https:\/\/kenacademy.org\/en\/kids-business-camp-tabara-predeal\/","title":{"rendered":"KEN BUSINESS CAMP"},"content":{"rendered":"<div class=\"vc_row wpb_row vc_row-fluid\"><div class=\"wpb_column vc_column_container vc_col-sm-12\"><div class=\"vc_column-inner\"><div class=\"wpb_wrapper\">\n\t<div class=\"wpb_text_column wpb_content_element\" >\n\t\t<div class=\"wpb_wrapper\">\n\t\t\t<p><span style=\"color: #ff0000;\"><strong>Revenim cu detalii despre tab\u0103r\u0103 la \u00eenceputul anului 2025!<\/strong><\/span><\/p>\n<p><span style=\"font-weight: 400;\">Camp <\/span><b><i>BUSINESS CAMP <\/i><\/b><span style=\"font-weight: 400;\">launch children aged 8 to 13 into the world of entrepreneurship!<\/span><\/p>\n<p><span style=\"font-weight: 400;\">You have courage, creativity, and a goal: you want a business! What else do you need? A plan!<\/span><\/p>\n<p><span style=\"font-weight: 400;\">Tab\u0103ra BUSINESS CAMP \u00eei \u00eenva\u021b\u0103 pe copii cum s\u0103 \u00ee\u0219i construiasc\u0103 <\/span><span style=\"color: #ff6600;\"><b><i>business plan<\/i><\/b><\/span><span style=\"font-weight: 400;\"> care, pus \u00een practic\u0103, \u00eei ajut\u0103 s\u0103 ajung\u0103 acolo unde \u00ee\u0219i doresc. Structura pe care o exploreaz\u0103 \u00een tab\u0103r\u0103 \u0219i pe care o vor primi la final, \u00eei va ajuta apoi s\u0103 implementeze propriile afaceri \u00een via\u021ba lor de zi cu zi, pornind de la nevoile din jurul lor!<\/span><\/p>\n<p><span style=\"font-weight: 400;\">The children embark on the journey towards the Children's Entrepreneur Fair. <\/span><b><i><span style=\"color: #ff6600;\">The Fair of Small Entrepreneurs<\/span>.<\/i><\/b><span style=\"font-weight: 400;\"> Dar p\u00e2n\u0103 la aceast\u0103 oprire final\u0103, \u00eei a\u0219teapt\u0103 un drum pe care exploreaz\u0103 \u0219i \u00ee\u0219i transform\u0103 pasiunile \u00een proiecte antreprenoriale. Opririle pe care le fac includ:<\/span><span style=\"color: #ff6600;\"><b><i> produsul, promovarea, pre\u021bul, plasamentul \u0219i discursul de v\u00e2nzare<\/i><\/b><\/span><span style=\"font-weight: 400;\">. La fiecare dintre ele, ghida\u021bi de traineri, copiii descoper\u0103 prin exerci\u021bii practice cum pot dezvolta afacerea lor \u00een echipe!<\/span><\/p>\n<p><span style=\"font-weight: 400;\">Antreprenoriatul presupune foarte mult\u0103 \u00eenv\u0103\u021bare social\u0103, de la oameni cu experien\u021b\u0103, care au dep\u0103\u0219it provoc\u0103ri \u0219i care inspir\u0103. De aceea, a doua zi de tab\u0103r\u0103 este organizat\u0103 sub form\u0103 de<\/span><span style=\"color: #ff6600;\"><b><i> Bibliotec\u0103 Vie<\/i><\/b><\/span><span style=\"font-weight: 400;\">, copiii av\u00e2nd ocazia s\u0103 interac\u021bioneze cu mai mul\u021bi antreprenori, s\u0103 le primeasc\u0103 sfaturile, dar \u0219i s\u0103 le solicite ajutor pentru ini\u021biativele lor antreprenoriale.\u00a0<\/span><\/p>\n<p><span style=\"font-weight: 400;\">Pentru c\u0103 dezvoltarea unei afaceri \u00een 7 zile presupune o foarte bun\u0103 planificare, copiii \u00eenva\u021b\u0103 secretele managementului de proiect: stabilirea de obiective SMART, planificarea \u00een avans,\u00a0 g\u0103sirea solu\u021biilor inovative \u0219i creative.\u00a0<\/span><\/p>\n<p><span style=\"color: #ff6600;\"><b><i>The camp is organized as follows:<\/i><\/b><\/span><\/p>\n<ul>\n<li style=\"font-weight: 400;\" aria-level=\"1\"><span style=\"font-weight: 400;\">6 zile, de duminic\u0103 p\u00e2n\u0103 vineri, petrecem \u00een natur\u0103, la munte. Copiii se cunosc, creaz\u0103 echipe \u0219i dezvolt\u0103 o afacere de la zero, baz\u00e2ndu-se pe propria creativitate.<\/span><\/li>\n<li style=\"font-weight: 400;\" aria-level=\"1\"><span style=\"font-weight: 400;\">Urm\u0103toarea zi, s\u00e2mb\u0103t\u0103, dup\u0103 \u00eentoarcerea \u00een Bucure\u0219ti,\u00a0 vom continua cu T\u00e2rgul Micilor Antreprenori, unde copiii \u00ee\u0219i vor prezenta \u0219i vinde produsele afacerii lor. Profitul este al lor!<\/span><\/li>\n<\/ul>\n\n\t\t<\/div>\n\t<\/div>\n<\/div><\/div><\/div><\/div><div class=\"vc_row wpb_row vc_row-fluid\"><div class=\"wpb_column vc_column_container vc_col-sm-12\"><div class=\"vc_column-inner\"><div class=\"wpb_wrapper\"><div class=\"vc_tta-container\" data-vc-action=\"collapseAll\"><div class=\"vc_general vc_tta vc_tta-accordion vc_tta-color-grey vc_tta-style-modern vc_tta-shape-rounded vc_tta-o-shape-group vc_tta-controls-align-left vc_tta-o-all-clickable\"><div class=\"vc_tta-panels-container\"><div class=\"vc_tta-panels\"><div class=\"vc_tta-panel\" id=\"1581346801445-ef7b85a8-d348\" data-vc-content=\".vc_tta-panel-body\"><div class=\"vc_tta-panel-heading\"><h4 class=\"vc_tta-panel-title vc_tta-controls-icon-position-left\"><a href=\"#1581346801445-ef7b85a8-d348\" data-vc-accordion data-vc-container=\".vc_tta-container\"><span class=\"vc_tta-title-text\">THEME OF THE CAMP<\/span><i class=\"vc_tta-controls-icon vc_tta-controls-icon-plus\"><\/i><\/a><\/h4><\/div><div class=\"vc_tta-panel-body\">\n\t<div class=\"wpb_text_column wpb_content_element\" >\n\t\t<div class=\"wpb_wrapper\">\n\t\t\t<p><span style=\"font-weight: 400;\">In the <\/span><span style=\"color: #ff6600;\"><b>Business Camp<\/b><\/span><span style=\"font-weight: 400;\">, the children will choose an idea of <\/span><span style=\"color: #ff6600;\"><b>BUSINESS<\/b><\/span><span style=\"font-weight: 400;\">.<\/span><\/p>\n<p><span style=\"font-weight: 400;\">Guided by KEN trainers, they will organize and build it, taking it to the real market within <\/span><span style=\"color: #ff6600;\"><b>Sales Fair<\/b><\/span><span style=\"font-weight: 400;\">, That will take place <\/span><b><span style=\"color: #ff6600;\">s\u00e2mb\u0103t\u0103, \u00een Bucure\u0219ti.<\/span>\u00a0\u00a0\u00a0\u00a0\u00a0\u00a0\u00a0\u00a0\u00a0\u00a0\u00a0\u00a0\u00a0\u00a0\u00a0\u00a0\u00a0\u00a0\u00a0\u00a0\u00a0\u00a0\u00a0\u00a0\u00a0\u00a0\u00a0\u00a0\u00a0\u00a0<\/b><\/p>\n<p><span style=\"font-weight: 400;\">No matter what the business will be, it is the children who decide:<\/span><\/p>\n<p><span style=\"font-weight: 400;\">* what this will look like \u2013 from design to construction to implementation<\/span><\/p>\n<p><span style=\"font-weight: 400;\">* how they will christen the business;<\/span><\/p>\n<p><span style=\"font-weight: 400;\">* what elements of identity they will create;<\/span><\/p>\n<p><span style=\"font-weight: 400;\">* how and who in the team will go into production;<\/span><\/p>\n<p><span style=\"font-weight: 400;\">* who will take care of the communication materials;<\/span><\/p>\n<p><span style=\"font-weight: 400;\">The choice and responsibility is theirs!\u00a0<\/span><\/p>\n<p><span style=\"color: #ff6600;\"><b>The Fair of Small Entrepreneurs<\/b><b>: s\u00e2mb\u0103t\u0103<\/b><\/span><span style=\"font-weight: 400;\">,<\/span><span style=\"font-weight: 400;\"> \u00een Bucure\u0219ti,<\/span><span style=\"font-weight: 400;\"> va avea loc t\u00e2rgul de v\u00e2nzare, unde copiii \u00ee\u0219i vor prezenta produsele la care au me\u0219terit 6 zile.<\/span><\/p>\n<p><span style=\"font-weight: 400;\">Copiii se vor bucura de o <\/span><span style=\"color: #ff6600;\"><b><i>Bibliotec\u0103 Vie <\/i><\/b><\/span><i><span style=\"font-weight: 400;\">&#8211;<\/span><\/i><span style=\"font-weight: 400;\"> adic\u0103 <\/span><span style=\"font-weight: 400;\">antreprenori invita\u021bi \u00een tab\u0103r\u0103 de la care s\u0103 primeasc\u0103 ajutor pentru ini\u021biativele lor antreprenoriale, dar \u0219i c\u0103rora s\u0103 le ofere \u201cconsultan\u021b\u0103\u201d \u00een solu\u021bionarea unor provoc\u0103ri diferite cu care ace\u0219tia se confrunt\u0103 \u00een afacerile lor.<\/span><\/p>\n<p><span style=\"font-weight: 400;\">\u00cen tab\u0103r\u0103 petrecem mult timp afar\u0103, descoperim natura \u0219i bucuria drume\u021biilor, ne relax\u0103m \u0219i distr\u0103m la FunPark \u0219i ne umplem pl\u0103m\u00e2nii de aer curat.<\/span><\/p>\n<p><span style=\"font-weight: 400;\">The young entrepreneurs will travel to GreenLand \u2013 the mysterious forest where they will have a team expedition to reach the treasure.\u00a0<\/span><\/p>\n\n\t\t<\/div>\n\t<\/div>\n<\/div><\/div><div class=\"vc_tta-panel\" id=\"1648631284146-6f008ff5-caf9\" data-vc-content=\".vc_tta-panel-body\"><div class=\"vc_tta-panel-heading\"><h4 class=\"vc_tta-panel-title vc_tta-controls-icon-position-left\"><a href=\"#1648631284146-6f008ff5-caf9\" data-vc-accordion data-vc-container=\".vc_tta-container\"><span class=\"vc_tta-title-text\">PERIOD<\/span><i class=\"vc_tta-controls-icon vc_tta-controls-icon-plus\"><\/i><\/a><\/h4><\/div><div class=\"vc_tta-panel-body\">\n\t<div class=\"wpb_text_column wpb_content_element\" >\n\t\t<div class=\"wpb_wrapper\">\n\t\t\t<p><span style=\"color: #ff0000;\"><strong>Revenim cu detalii despre tab\u0103r\u0103 la \u00eenceputul anului 2025!<\/strong><\/span><\/p>\n\n\t\t<\/div>\n\t<\/div>\n<\/div><\/div><div class=\"vc_tta-panel\" id=\"1581346801464-97b28934-eb73\" data-vc-content=\".vc_tta-panel-body\"><div class=\"vc_tta-panel-heading\"><h4 class=\"vc_tta-panel-title vc_tta-controls-icon-position-left\"><a href=\"#1581346801464-97b28934-eb73\" data-vc-accordion data-vc-container=\".vc_tta-container\"><span class=\"vc_tta-title-text\">location<\/span><i class=\"vc_tta-controls-icon vc_tta-controls-icon-plus\"><\/i><\/a><\/h4><\/div><div class=\"vc_tta-panel-body\">\n\t<div class=\"wpb_text_column wpb_content_element\" >\n\t\t<div class=\"wpb_wrapper\">\n\t\t\t<p><span style=\"color: #ff0000;\"><strong>Revenim cu detalii despre tab\u0103r\u0103 la \u00eenceputul anului 2025!<\/strong><\/span><\/p>\n\n\t\t<\/div>\n\t<\/div>\n<\/div><\/div><div class=\"vc_tta-panel\" id=\"1581348293275-a9e5554c-3fad\" data-vc-content=\".vc_tta-panel-body\"><div class=\"vc_tta-panel-heading\"><h4 class=\"vc_tta-panel-title vc_tta-controls-icon-position-left\"><a href=\"#1581348293275-a9e5554c-3fad\" data-vc-accordion data-vc-container=\".vc_tta-container\"><span class=\"vc_tta-title-text\">AGE<\/span><i class=\"vc_tta-controls-icon vc_tta-controls-icon-plus\"><\/i><\/a><\/h4><\/div><div class=\"vc_tta-panel-body\">\n\t<div class=\"wpb_text_column wpb_content_element\" >\n\t\t<div class=\"wpb_wrapper\">\n\t\t\t<p><span style=\"font-weight: 400;\"><strong>Age group:<\/strong> 8 \u2013 13 ani<\/span><\/p>\n\n\t\t<\/div>\n\t<\/div>\n<\/div><\/div><div class=\"vc_tta-panel\" id=\"1581348325115-41e970c4-39c8\" data-vc-content=\".vc_tta-panel-body\"><div class=\"vc_tta-panel-heading\"><h4 class=\"vc_tta-panel-title vc_tta-controls-icon-position-left\"><a href=\"#1581348325115-41e970c4-39c8\" data-vc-accordion data-vc-container=\".vc_tta-container\"><span class=\"vc_tta-title-text\">TABLE<\/span><i class=\"vc_tta-controls-icon vc_tta-controls-icon-plus\"><\/i><\/a><\/h4><\/div><div class=\"vc_tta-panel-body\">\n\t<div class=\"wpb_text_column wpb_content_element\" >\n\t\t<div class=\"wpb_wrapper\">\n\t\t\t<p><span style=\"font-weight: 400;\">3 mese \/ zi + gust\u0103ri s\u0103n\u0103toase (toat\u0103 m\u00e2ncarea este preg\u0103tit\u0103 zilnic \u00een pensiune)<\/span><\/p>\n\n\t\t<\/div>\n\t<\/div>\n<\/div><\/div><div class=\"vc_tta-panel\" id=\"1581348346572-4a18f345-f191\" data-vc-content=\".vc_tta-panel-body\"><div class=\"vc_tta-panel-heading\"><h4 class=\"vc_tta-panel-title vc_tta-controls-icon-position-left\"><a href=\"#1581348346572-4a18f345-f191\" data-vc-accordion data-vc-container=\".vc_tta-container\"><span class=\"vc_tta-title-text\">TRANSPORT<\/span><i class=\"vc_tta-controls-icon vc_tta-controls-icon-plus\"><\/i><\/a><\/h4><\/div><div class=\"vc_tta-panel-body\">\n\t<div class=\"wpb_text_column wpb_content_element\" >\n\t\t<div class=\"wpb_wrapper\">\n\t\t\t<p><span style=\"color: #ff0000;\"><strong>Revenim cu detalii despre tab\u0103r\u0103 la \u00eenceputul anului 2025!<\/strong><\/span><\/p>\n\n\t\t<\/div>\n\t<\/div>\n<\/div><\/div><div class=\"vc_tta-panel\" id=\"1581348376020-ee8d55f7-cdc0\" data-vc-content=\".vc_tta-panel-body\"><div class=\"vc_tta-panel-heading\"><h4 class=\"vc_tta-panel-title vc_tta-controls-icon-position-left\"><a href=\"#1581348376020-ee8d55f7-cdc0\" data-vc-accordion data-vc-container=\".vc_tta-container\"><span class=\"vc_tta-title-text\">PRICE<\/span><i class=\"vc_tta-controls-icon vc_tta-controls-icon-plus\"><\/i><\/a><\/h4><\/div><div class=\"vc_tta-panel-body\">\n\t<div class=\"wpb_text_column wpb_content_element\" >\n\t\t<div class=\"wpb_wrapper\">\n\t\t\t<p><span style=\"font-weight: 400;\">Biletul t\u0103u \u00een tab\u0103ra BUSINESS CAMP<\/span> <span style=\"font-weight: 400;\">include<\/span><i><span style=\"font-weight: 400;\">:<\/span><\/i><\/p>\n<p><span style=\"font-weight: 400;\">* 5 nights accommodation;\u00a0<\/span><\/p>\n<p><span style=\"font-weight: 400;\">* T\u00e2rgul Micilor Antreprenori;<\/span><\/p>\n<p><span style=\"font-weight: 400;\">* 3 mese \/ zi + gust\u0103ri s\u0103n\u0103toase\u00a0<\/span><\/p>\n<p><span style=\"font-weight: 400;\">* Round trip shipping\u00a0<\/span><\/p>\n<p><span style=\"font-weight: 400;\">* The educational program;<\/span><\/p>\n<p><span style=\"font-weight: 400;\">* Toate materialele\u00a0 \u0219i intr\u0103rile necesare activit\u0103\u021bilor planificate;<\/span><\/p>\n<p><span style=\"font-weight: 400;\">* Educational handout for children<\/span><\/p>\n<p><span style=\"font-weight: 400;\">And of course many other surprises!\u00a0<\/span><\/p>\n\n\t\t<\/div>\n\t<\/div>\n<\/div><\/div><div class=\"vc_tta-panel\" id=\"1581348419908-863bd90b-a2cc\" data-vc-content=\".vc_tta-panel-body\"><div class=\"vc_tta-panel-heading\"><h4 class=\"vc_tta-panel-title vc_tta-controls-icon-position-left\"><a href=\"#1581348419908-863bd90b-a2cc\" data-vc-accordion data-vc-container=\".vc_tta-container\"><span class=\"vc_tta-title-text\">SIGN UP<\/span><i class=\"vc_tta-controls-icon vc_tta-controls-icon-plus\"><\/i><\/a><\/h4><\/div><div class=\"vc_tta-panel-body\">\n\t<div class=\"wpb_text_column wpb_content_element\" >\n\t\t<div class=\"wpb_wrapper\">\n\t\t\t<p><span style=\"font-weight: 400;\">You can sign up in one of the ways below:<\/span><\/p>\n<p><span style=\"font-weight: 400;\">\u2013 by calling 0723600341<\/span><\/p>\n<p><span style=\"font-weight: 400;\">\u2013 trimi\u021b\u00e2nd un email la <\/span><a href=\"mailto:carmeniorgulescu@kenacademy.org\"><span style=\"font-weight: 400;\">carmeniorgulescu@kenacademy.org<\/span><\/a><\/p>\n<p><span style=\"font-weight: 400; color: #ff6600;\">&#8211;\u00a0 \u00eenscrierea este valabil\u0103 doar dup\u0103 achitarea primei tran\u0219e, i.e. 1235 lei .<\/span><\/p>\n<p><span style=\"font-weight: 400;\">Diferen\u021ba de 1235 lei va fi achitat\u0103 p\u00e2n\u0103 pe 15 iunie 2024.<\/span><\/p>\n<p><span style=\"font-weight: 400;\">Plata poate fi f\u0103cut\u0103 prin virament bancar \u00een contul Asocia\u021biei KEN Institute \u2013 cont\u00a0 nr. RO43BTRLRONCRT0202873801 deschis la BANCA TRANSILVANIA, Agen\u0163ia Bucure\u015ftii Noi, sau numerar la sediul KEN Academy (str Jiului nr 2A) .\u00a0<\/span><\/p>\n<p><span style=\"font-weight: 400;\">Attention: places are limited to 30 children.\u00a0<\/span><\/p>\n<p><span style=\"font-weight: 400;\">\u00a0This summer is about life skills, entrepreneurial experience, adventure in nature!<\/span><\/p>\n<p><span style=\"font-weight: 400;\">Are you ready?<\/span><\/p>\n\n\t\t<\/div>\n\t<\/div>\n<\/div><\/div><\/div><\/div><\/div><\/div><\/div><\/div><\/div><\/div>","protected":false},"excerpt":{"rendered":"Revenim cu detalii despre tab\u0103r\u0103 la \u00eenceputul anului 2025! Tab\u0103ra BUSINESS CAMP lanseaz\u0103 copiii cu v\u00e2rste cuprinse \u00eentre 8 -13 ani \u00een lumea antreprenoriatului! Ai curaj, ai creativitate, ai o &hellip;","protected":false},"author":1,"featured_media":47585,"comment_status":"closed","ping_status":"closed","sticky":false,"template":"","format":"standard","meta":[],"categories":[732],"tags":[717,786,785,736],"_links":{"self":[{"href":"https:\/\/kenacademy.org\/en\/wp-json\/wp\/v2\/posts\/17663"}],"collection":[{"href":"https:\/\/kenacademy.org\/en\/wp-json\/wp\/v2\/posts"}],"about":[{"href":"https:\/\/kenacademy.org\/en\/wp-json\/wp\/v2\/types\/post"}],"author":[{"embeddable":true,"href":"https:\/\/kenacademy.org\/en\/wp-json\/wp\/v2\/users\/1"}],"replies":[{"embeddable":true,"href":"https:\/\/kenacademy.org\/en\/wp-json\/wp\/v2\/comments?post=17663"}],"version-history":[{"count":0,"href":"https:\/\/kenacademy.org\/en\/wp-json\/wp\/v2\/posts\/17663\/revisions"}],"wp:featuredmedia":[{"embeddable":true,"href":"https:\/\/kenacademy.org\/en\/wp-json\/wp\/v2\/media\/47585"}],"wp:attachment":[{"href":"https:\/\/kenacademy.org\/en\/wp-json\/wp\/v2\/media?parent=17663"}],"wp:term":[{"taxonomy":"category","embeddable":true,"href":"https:\/\/kenacademy.org\/en\/wp-json\/wp\/v2\/categories?post=17663"},{"taxonomy":"post_tag","embeddable":true,"href":"https:\/\/kenacademy.org\/en\/wp-json\/wp\/v2\/tags?post=17663"}],"curies":[{"name":"wp","href":"https:\/\/api.w.org\/{rel}","templated":true}]}}